{"id":827,"date":"2019-04-16T11:55:13","date_gmt":"2019-04-16T15:55:13","guid":{"rendered":"https:\/\/www.fnbfa.ca\/?p=827"},"modified":"2023-02-27T19:00:00","modified_gmt":"2023-02-28T00:00:00","slug":"les-etudiants-de-la-peninsule-acadienne-davantage-touches-par-les-compressions-du-gouvernement","status":"publish","type":"post","link":"https:\/\/www.fnbfa.ca\/fr\/2019\/04\/16\/les-etudiants-de-la-peninsule-acadienne-davantage-touches-par-les-compressions-du-gouvernement\/","title":{"rendered":"Les \u00e9tudiants de la p\u00e9ninsule acadienne davantage touch\u00e9s par les compressions du gouvernement"},"content":{"rendered":"<p>ICI Radio-Canada, 2019\/04\/16<\/p>\n","protected":false},"excerpt":{"rendered":"ICI Radio-Canada, 2019\/04\/16","protected":false},"author":4,"featured_media":0,"comment_status":"closed","ping_status":"open","sticky":false,"template":"","format":"standard","meta":{"footnotes":""},"categories":[3],"tags":[],"class_list":["post-827","post","type-post","status-publish","format-standard","hentry","category-non-classifiee"],"_links":{"self":[{"href":"https:\/\/www.fnbfa.ca\/fr\/wp-json\/wp\/v2\/posts\/827\/"}],"collection":[{"href":"https:\/\/www.fnbfa.ca\/fr\/wp-json\/wp\/v2\/posts\/"}],"about":[{"href":"https:\/\/www.fnbfa.ca\/fr\/wp-json\/wp\/v2\/types\/post\/"}],"author":[{"embeddable":true,"href":"https:\/\/www.fnbfa.ca\/fr\/wp-json\/wp\/v2\/users\/4\/"}],"replies":[{"embeddable":true,"href":"https:\/\/www.fnbfa.ca\/fr\/wp-json\/wp\/v2\/comments\/?post=827"}],"version-history":[{"count":0,"href":"https:\/\/www.fnbfa.ca\/fr\/wp-json\/wp\/v2\/posts\/827\/revisions\/"}],"wp:attachment":[{"href":"https:\/\/www.fnbfa.ca\/fr\/wp-json\/wp\/v2\/media\/?parent=827"}],"wp:term":[{"taxonomy":"category","embeddable":true,"href":"https:\/\/www.fnbfa.ca\/fr\/wp-json\/wp\/v2\/categories\/?post=827"},{"taxonomy":"post_tag","embeddable":true,"href":"https:\/\/www.fnbfa.ca\/fr\/wp-json\/wp\/v2\/tags\/?post=827"}],"curies":[{"name":"wp","href":"https:\/\/api.w.org\/{rel}","templated":true}]}}